{"id":2828,"date":"2023-08-01T12:56:24","date_gmt":"2023-08-01T12:56:24","guid":{"rendered":"https:\/\/chateau3fontaines.com\/?p=2828"},"modified":"2023-11-25T17:51:55","modified_gmt":"2023-11-25T17:51:55","slug":"pernes-les-fontaines-in-summer-discover-the-unmissable-festivals-and-events","status":"publish","type":"post","link":"https:\/\/chateau3fontaines.com\/en\/2023\/08\/01\/pernes-les-fontaines-en-ete-decouvrez-les-festivals-et-evenements-incontournables\/","title":{"rendered":"Pernes-les-Fontaines en \u00e9t\u00e9 : D\u00e9couvrez les Festivals et \u00c9v\u00e9nements Incontournables"},"content":{"rendered":"<div data-elementor-type=\"wp-post\" data-elementor-id=\"2828\" class=\"elementor elementor-2828\" data-elementor-post-type=\"post\">\n\t\t\t\t\t\t<section class=\"elementor-section elementor-top-section elementor-element elementor-element-38c5b99c elementor-section-boxed elementor-section-height-default elementor-section-height-default\" data-id=\"38c5b99c\" data-element_type=\"section\" data-e-type=\"section\">\n\t\t\t\t\t\t<div class=\"elementor-container elementor-column-gap-default\">\n\t\t\t\t\t<div class=\"elementor-column elementor-col-100 elementor-top-column elementor-element elementor-element-6f8fa114\" data-id=\"6f8fa114\" data-element_type=\"column\" data-e-type=\"column\">\n\t\t\t<div class=\"elementor-widget-wrap elementor-element-populated\">\n\t\t\t\t\t\t<div class=\"elementor-element elementor-element-3b307a55 elementor-widget elementor-widget-image\" data-id=\"3b307a55\" data-element_type=\"widget\" data-e-type=\"widget\" data-widget_type=\"image.default\">\n\t\t\t\t<div class=\"elementor-widget-container\">\n\t\t\t\t\t\t\t\t\t\t\t\t\t\t\t<img fetchpriority=\"high\" decoding=\"async\" width=\"900\" height=\"506\" src=\"https:\/\/chateau3fontaines.com\/wp-content\/uploads\/2023\/08\/20230425_1_1_4_1_0_obj27964521_1-1024x576.webp\" class=\"attachment-large size-large wp-image-2831\" alt=\"Location salles de r\u00e9ception et parc - 20230425_1_1_4_1_0_obj27964521_1\" srcset=\"https:\/\/chateau3fontaines.com\/wp-content\/uploads\/2023\/08\/20230425_1_1_4_1_0_obj27964521_1-1024x576.webp 1024w, https:\/\/chateau3fontaines.com\/wp-content\/uploads\/2023\/08\/20230425_1_1_4_1_0_obj27964521_1-300x169.webp 300w, https:\/\/chateau3fontaines.com\/wp-content\/uploads\/2023\/08\/20230425_1_1_4_1_0_obj27964521_1-768x432.webp 768w, https:\/\/chateau3fontaines.com\/wp-content\/uploads\/2023\/08\/20230425_1_1_4_1_0_obj27964521_1-18x10.webp 18w, https:\/\/chateau3fontaines.com\/wp-content\/uploads\/2023\/08\/20230425_1_1_4_1_0_obj27964521_1.webp 1280w\" sizes=\"(max-width: 900px) 100vw, 900px\" \/>\t\t\t\t\t\t\t\t\t\t\t\t\t\t\t<\/div>\n\t\t\t\t<\/div>\n\t\t\t\t\t<\/div>\n\t\t<\/div>\n\t\t\t\t\t<\/div>\n\t\t<\/section>\n\t\t\t\t<section class=\"elementor-section elementor-top-section elementor-element elementor-element-427d841a elementor-section-boxed elementor-section-height-default elementor-section-height-default\" data-id=\"427d841a\" data-element_type=\"section\" data-e-type=\"section\">\n\t\t\t\t\t\t<div class=\"elementor-container elementor-column-gap-default\">\n\t\t\t\t\t<div class=\"elementor-column elementor-col-100 elementor-top-column elementor-element elementor-element-1ba6525b\" data-id=\"1ba6525b\" data-element_type=\"column\" data-e-type=\"column\">\n\t\t\t<div class=\"elementor-widget-wrap elementor-element-populated\">\n\t\t\t\t\t\t<div class=\"elementor-element elementor-element-379c09b0 elementor-widget elementor-widget-text-editor\" data-id=\"379c09b0\" data-element_type=\"widget\" data-e-type=\"widget\" data-widget_type=\"text-editor.default\">\n\t\t\t\t<div class=\"elementor-widget-container\">\n\t\t\t\t\t\t\t\t\t<p><strong>L&rsquo;\u00e9t\u00e9 \u00e0 Pernes-les-Fontaines est une saison anim\u00e9e par une multitude de festivals et d&rsquo;\u00e9v\u00e9nements culturels. Cette charmante commune proven\u00e7ale devient le lieu de rendez-vous des passionn\u00e9s d&rsquo;art, de musique, et de traditions. Dans cet article, nous vous invitons \u00e0 explorer les festivals et \u00e9v\u00e9nements \u00e0 ne pas manquer pendant votre s\u00e9jour estival dans le Vaucluse. Des animations artistiques aux festivit\u00e9s traditionnelles, il y en a pour tous les go\u00fbts. D\u00e9couvrez les joyaux de l&rsquo;\u00e9t\u00e9 pernois qui vous promettent des moments m\u00e9morables.<\/strong><\/p>\t\t\t\t\t\t\t\t<\/div>\n\t\t\t\t<\/div>\n\t\t\t\t\t<\/div>\n\t\t<\/div>\n\t\t\t\t\t<\/div>\n\t\t<\/section>\n\t\t\t\t<section class=\"elementor-section elementor-top-section elementor-element elementor-element-7cdbcb38 elementor-section-boxed elementor-section-height-default elementor-section-height-default\" data-id=\"7cdbcb38\" data-element_type=\"section\" data-e-type=\"section\">\n\t\t\t\t\t\t<div class=\"elementor-container elementor-column-gap-default\">\n\t\t\t\t\t<div class=\"elementor-column elementor-col-100 elementor-top-column elementor-element elementor-element-6115eb9\" data-id=\"6115eb9\" data-element_type=\"column\" data-e-type=\"column\">\n\t\t\t<div class=\"elementor-widget-wrap elementor-element-populated\">\n\t\t\t\t\t\t<div class=\"elementor-element elementor-element-7148ae1 elementor-widget elementor-widget-heading\" data-id=\"7148ae1\" data-element_type=\"widget\" data-e-type=\"widget\" data-widget_type=\"heading.default\">\n\t\t\t\t<div class=\"elementor-widget-container\">\n\t\t\t\t\t<h2 class=\"elementor-heading-title elementor-size-default\">Festival \"Font'Arts\" : Plongez dans l'art et la culture<\/h2>\t\t\t\t<\/div>\n\t\t\t\t<\/div>\n\t\t\t\t\t<\/div>\n\t\t<\/div>\n\t\t\t\t\t<\/div>\n\t\t<\/section>\n\t\t\t\t<section class=\"elementor-section elementor-top-section elementor-element elementor-element-5cfc048c elementor-section-boxed elementor-section-height-default elementor-section-height-default\" data-id=\"5cfc048c\" data-element_type=\"section\" data-e-type=\"section\">\n\t\t\t\t\t\t<div class=\"elementor-container elementor-column-gap-default\">\n\t\t\t\t\t<div class=\"elementor-column elementor-col-100 elementor-top-column elementor-element elementor-element-23238b2e\" data-id=\"23238b2e\" data-element_type=\"column\" data-e-type=\"column\">\n\t\t\t<div class=\"elementor-widget-wrap elementor-element-populated\">\n\t\t\t\t\t\t<div class=\"elementor-element elementor-element-e47c70c elementor-widget elementor-widget-text-editor\" data-id=\"e47c70c\" data-element_type=\"widget\" data-e-type=\"widget\" data-widget_type=\"text-editor.default\">\n\t\t\t\t<div class=\"elementor-widget-container\">\n\t\t\t\t\t\t\t\t\t<p>Chaque \u00e9t\u00e9, <a href=\"https:\/\/www.projecteur-pernes.fr\/\">le festival \u00ab\u00a0Font&rsquo;Arts\u00a0\u00bb<\/a> \u00e0 Pernes-les-Fontaines attire les foules en tant qu&rsquo;\u00e9v\u00e9nement culturel majeur. Les rues de la commune s&rsquo;animent au rythme des spectacles artistiques, des expositions d&rsquo;art, des concerts et des repr\u00e9sentations th\u00e9\u00e2trales. Avec la participation d&rsquo;artistes locaux et internationaux, cet \u00e9v\u00e9nement culturel offre une atmosph\u00e8re vibrante et color\u00e9e. \u00ab\u00a0Font&rsquo;Arts\u00a0\u00bb est l&rsquo;occasion id\u00e9ale de d\u00e9couvrir des expressions artistiques vari\u00e9es tout en explorant le charme enchanteur de Pernes-les-Fontaines. C\u00e9l\u00e9brez l&rsquo;\u00e9t\u00e9 \u00e0 travers ce festival d&rsquo;\u00e9t\u00e9 incontournable, r\u00e9v\u00e9lateur de la richesse culturelle de la r\u00e9gion.<\/p>\t\t\t\t\t\t\t\t<\/div>\n\t\t\t\t<\/div>\n\t\t\t\t\t<\/div>\n\t\t<\/div>\n\t\t\t\t\t<\/div>\n\t\t<\/section>\n\t\t\t\t<section class=\"elementor-section elementor-top-section elementor-element elementor-element-47a5075f elementor-section-boxed elementor-section-height-default elementor-section-height-default\" data-id=\"47a5075f\" data-element_type=\"section\" data-e-type=\"section\">\n\t\t\t\t\t\t<div class=\"elementor-container elementor-column-gap-default\">\n\t\t\t\t\t<div class=\"elementor-column elementor-col-100 elementor-top-column elementor-element elementor-element-67a33952\" data-id=\"67a33952\" data-element_type=\"column\" data-e-type=\"column\">\n\t\t\t<div class=\"elementor-widget-wrap elementor-element-populated\">\n\t\t\t\t\t\t<div class=\"elementor-element elementor-element-6df37adc elementor-widget elementor-widget-heading\" data-id=\"6df37adc\" data-element_type=\"widget\" data-e-type=\"widget\" data-widget_type=\"heading.default\">\n\t\t\t\t<div class=\"elementor-widget-container\">\n\t\t\t\t\t<h2 class=\"elementor-heading-title elementor-size-default\">Festival \"Les Jardins de l'\u00c9tang\" : Musique classique en plein air<\/h2>\t\t\t\t<\/div>\n\t\t\t\t<\/div>\n\t\t\t\t\t<\/div>\n\t\t<\/div>\n\t\t\t\t\t<\/div>\n\t\t<\/section>\n\t\t\t\t<section class=\"elementor-section elementor-top-section elementor-element elementor-element-2992d019 elementor-section-boxed elementor-section-height-default elementor-section-height-default\" data-id=\"2992d019\" data-element_type=\"section\" data-e-type=\"section\">\n\t\t\t\t\t\t<div class=\"elementor-container elementor-column-gap-default\">\n\t\t\t\t\t<div class=\"elementor-column elementor-col-100 elementor-top-column elementor-element elementor-element-6a948389\" data-id=\"6a948389\" data-element_type=\"column\" data-e-type=\"column\">\n\t\t\t<div class=\"elementor-widget-wrap elementor-element-populated\">\n\t\t\t\t\t\t<div class=\"elementor-element elementor-element-1f58b85b elementor-widget elementor-widget-text-editor\" data-id=\"1f58b85b\" data-element_type=\"widget\" data-e-type=\"widget\" data-widget_type=\"text-editor.default\">\n\t\t\t\t<div class=\"elementor-widget-container\">\n\t\t\t\t\t\t\t\t\t<p>Pour les m\u00e9lomanes, le festival \u00ab\u00a0Les Jardins de l&rsquo;\u00c9tang\u00a0\u00bb offre une exp\u00e9rience musicale unique de musique classique en plein air. Dans le magnifique parc de l&rsquo;\u00c9tang, des musiciens renomm\u00e9s jouent des m\u00e9lodies classiques sous un ciel \u00e9toil\u00e9. Assistez \u00e0 des concerts estivaux m\u00e9morables, qui allient la beaut\u00e9 de la nature \u00e0 des notes envo\u00fbtantes de la musique classique. Profitez de cette exp\u00e9rience musicale unique dans un cadre exceptionnel qui vous laissera des souvenirs inoubliables.<\/p>\t\t\t\t\t\t\t\t<\/div>\n\t\t\t\t<\/div>\n\t\t\t\t\t<\/div>\n\t\t<\/div>\n\t\t\t\t\t<\/div>\n\t\t<\/section>\n\t\t\t\t<section class=\"elementor-section elementor-top-section elementor-element elementor-element-7c3b8265 elementor-section-boxed elementor-section-height-default elementor-section-height-default\" data-id=\"7c3b8265\" data-element_type=\"section\" data-e-type=\"section\">\n\t\t\t\t\t\t<div class=\"elementor-container elementor-column-gap-default\">\n\t\t\t\t\t<div class=\"elementor-column elementor-col-100 elementor-top-column elementor-element elementor-element-50341641\" data-id=\"50341641\" data-element_type=\"column\" data-e-type=\"column\">\n\t\t\t<div class=\"elementor-widget-wrap elementor-element-populated\">\n\t\t\t\t\t\t<div class=\"elementor-element elementor-element-684e2da3 elementor-widget elementor-widget-heading\" data-id=\"684e2da3\" data-element_type=\"widget\" data-e-type=\"widget\" data-widget_type=\"heading.default\">\n\t\t\t\t<div class=\"elementor-widget-container\">\n\t\t\t\t\t<h2 class=\"elementor-heading-title elementor-size-default\">F\u00eate votive de Pernes-les-Fontaines : C\u00e9l\u00e9brez la Tradition<\/h2>\t\t\t\t<\/div>\n\t\t\t\t<\/div>\n\t\t\t\t\t<\/div>\n\t\t<\/div>\n\t\t\t\t\t<\/div>\n\t\t<\/section>\n\t\t\t\t<section class=\"elementor-section elementor-top-section elementor-element elementor-element-b009748 elementor-section-boxed elementor-section-height-default elementor-section-height-default\" data-id=\"b009748\" data-element_type=\"section\" data-e-type=\"section\">\n\t\t\t\t\t\t<div class=\"elementor-container elementor-column-gap-default\">\n\t\t\t\t\t<div class=\"elementor-column elementor-col-100 elementor-top-column elementor-element elementor-element-623620d1\" data-id=\"623620d1\" data-element_type=\"column\" data-e-type=\"column\">\n\t\t\t<div class=\"elementor-widget-wrap elementor-element-populated\">\n\t\t\t\t\t\t<div class=\"elementor-element elementor-element-7c0fd939 elementor-widget elementor-widget-text-editor\" data-id=\"7c0fd939\" data-element_type=\"widget\" data-e-type=\"widget\" data-widget_type=\"text-editor.default\">\n\t\t\t\t<div class=\"elementor-widget-container\">\n\t\t\t\t\t\t\t\t\t<p>La <a href=\"https:\/\/www.perneslesfontaines.fr\/evenement\/fete-votive-de-la-saint-roch-8#:~:text=et%20diff%C3%A9rentes%20attractions%20seront%20au,par%20la%20Ville%20de%20Pernes.&amp;text=et%20concours%20de%20boules.\">f\u00eate votive de Pernes-les-Fontaines<\/a> est une f\u00eate traditionnelle anim\u00e9e qui c\u00e9l\u00e8bre l&rsquo;identit\u00e9 proven\u00e7ale de la commune. Des animations folkloriques, des concours de boules, des man\u00e8ges et des d\u00e9gustations de sp\u00e9cialit\u00e9s r\u00e9gionales font partie de la f\u00eate. Cette c\u00e9l\u00e9bration conviviale est l&rsquo;occasion id\u00e9ale de d\u00e9couvrir la culture locale et de partager des moments conviviaux avec les habitants. Profitez d&rsquo;une f\u00eate authentique au c\u0153ur de Pernes-les-Fontaines pour vivre une exp\u00e9rience culturelle riche en traditions proven\u00e7ales.<\/p>\t\t\t\t\t\t\t\t<\/div>\n\t\t\t\t<\/div>\n\t\t\t\t\t<\/div>\n\t\t<\/div>\n\t\t\t\t\t<\/div>\n\t\t<\/section>\n\t\t\t\t<section class=\"elementor-section elementor-top-section elementor-element elementor-element-885d722 elementor-section-boxed elementor-section-height-default elementor-section-height-default\" data-id=\"885d722\" data-element_type=\"section\" data-e-type=\"section\">\n\t\t\t\t\t\t<div class=\"elementor-container elementor-column-gap-default\">\n\t\t\t\t\t<div class=\"elementor-column elementor-col-100 elementor-top-column elementor-element elementor-element-cba4139\" data-id=\"cba4139\" data-element_type=\"column\" data-e-type=\"column\">\n\t\t\t<div class=\"elementor-widget-wrap elementor-element-populated\">\n\t\t\t\t\t\t<div class=\"elementor-element elementor-element-bc455ff elementor-widget elementor-widget-heading\" data-id=\"bc455ff\" data-element_type=\"widget\" data-e-type=\"widget\" data-widget_type=\"heading.default\">\n\t\t\t\t<div class=\"elementor-widget-container\">\n\t\t\t\t\t<h2 class=\"elementor-heading-title elementor-size-default\">March\u00e9 nocturne estival : Voyage Gourmand<\/h2>\t\t\t\t<\/div>\n\t\t\t\t<\/div>\n\t\t\t\t\t<\/div>\n\t\t<\/div>\n\t\t\t\t\t<\/div>\n\t\t<\/section>\n\t\t\t\t<section class=\"elementor-section elementor-top-section elementor-element elementor-element-89abcd5 elementor-section-boxed elementor-section-height-default elementor-section-height-default\" data-id=\"89abcd5\" data-element_type=\"section\" data-e-type=\"section\">\n\t\t\t\t\t\t<div class=\"elementor-container elementor-column-gap-default\">\n\t\t\t\t\t<div class=\"elementor-column elementor-col-100 elementor-top-column elementor-element elementor-element-862747e\" data-id=\"862747e\" data-element_type=\"column\" data-e-type=\"column\">\n\t\t\t<div class=\"elementor-widget-wrap elementor-element-populated\">\n\t\t\t\t\t\t<div class=\"elementor-element elementor-element-0daea20 elementor-widget elementor-widget-text-editor\" data-id=\"0daea20\" data-element_type=\"widget\" data-e-type=\"widget\" data-widget_type=\"text-editor.default\">\n\t\t\t\t<div class=\"elementor-widget-container\">\n\t\t\t\t\t\t\t\t\t<p>Chaque \u00e9t\u00e9, Pernes-les-Fontaines s&rsquo;anime avec ses <a href=\"https:\/\/www.perneslesfontaines.fr\/evenement\/marche-nocturne-des-producteurs\">march\u00e9s nocturnes<\/a> color\u00e9s. Fl\u00e2nez parmi les \u00e9tals qui regorgent de produits du terroir, d&rsquo;artisanat local et d&rsquo;objets insolites. Ce march\u00e9 pittoresque vous invite \u00e0 une escapade gourmande et artisanale, parfaite pour d\u00e9nicher des tr\u00e9sors et authentiques. Vivez une exp\u00e9rience estivale unique dans une ambiance chaleureuse et conviviale. Profitez de ces march\u00e9s estivaux pour d\u00e9couvrir le charme envo\u00fbtant de Pernes-les-Fontaines et vous immerger dans son ambiance estivale anim\u00e9e.<\/p>\t\t\t\t\t\t\t\t<\/div>\n\t\t\t\t<\/div>\n\t\t\t\t\t<\/div>\n\t\t<\/div>\n\t\t\t\t\t<\/div>\n\t\t<\/section>\n\t\t\t\t<section class=\"elementor-section elementor-top-section elementor-element elementor-element-3e26ce7 elementor-section-boxed elementor-section-height-default elementor-section-height-default\" data-id=\"3e26ce7\" data-element_type=\"section\" data-e-type=\"section\">\n\t\t\t\t\t\t<div class=\"elementor-container elementor-column-gap-default\">\n\t\t\t\t\t<div class=\"elementor-column elementor-col-100 elementor-top-column elementor-element elementor-element-d122b62\" data-id=\"d122b62\" data-element_type=\"column\" data-e-type=\"column\">\n\t\t\t<div class=\"elementor-widget-wrap elementor-element-populated\">\n\t\t\t\t\t\t<div class=\"elementor-element elementor-element-1c7f9be elementor-widget elementor-widget-heading\" data-id=\"1c7f9be\" data-element_type=\"widget\" data-e-type=\"widget\" data-widget_type=\"heading.default\">\n\t\t\t\t<div class=\"elementor-widget-container\">\n\t\t\t\t\t<h2 class=\"elementor-heading-title elementor-size-default\">Festival de la Sorgue : Art de Vivre Proven\u00e7al<\/h2>\t\t\t\t<\/div>\n\t\t\t\t<\/div>\n\t\t\t\t\t<\/div>\n\t\t<\/div>\n\t\t\t\t\t<\/div>\n\t\t<\/section>\n\t\t\t\t<section class=\"elementor-section elementor-top-section elementor-element elementor-element-392234f elementor-section-boxed elementor-section-height-default elementor-section-height-default\" data-id=\"392234f\" data-element_type=\"section\" data-e-type=\"section\">\n\t\t\t\t\t\t<div class=\"elementor-container elementor-column-gap-default\">\n\t\t\t\t\t<div class=\"elementor-column elementor-col-100 elementor-top-column elementor-element elementor-element-676adac\" data-id=\"676adac\" data-element_type=\"column\" data-e-type=\"column\">\n\t\t\t<div class=\"elementor-widget-wrap elementor-element-populated\">\n\t\t\t\t\t\t<div class=\"elementor-element elementor-element-de272b0 elementor-widget elementor-widget-text-editor\" data-id=\"de272b0\" data-element_type=\"widget\" data-e-type=\"widget\" data-widget_type=\"text-editor.default\">\n\t\t\t\t<div class=\"elementor-widget-container\">\n\t\t\t\t\t\t\t\t\t<p>\u00c0 quelques pas de Pernes-les-Fontaines, <a href=\"https:\/\/islesurlasorguetourisme.com\/page\/le-festival-de-la-sorgue+80351.html\">le Festival de la Sorgue<\/a> \u00e0 l&rsquo;Isle-sur-la-Sorgue est un festival culturel incontournable de la r\u00e9gion. C\u00e9l\u00e8bre pour ses antiquaires et ses brocantes, le festival propose \u00e9galement des concerts, des animations de rue et des spectacles pour toute la famille. Plongez dans l&rsquo;art de vivre proven\u00e7al et d\u00e9couvrez des tr\u00e9sors d&rsquo;antan tout en profitant d&rsquo;une ambiance festive et authentique. Une exp\u00e9rience estivale authentique qui ravira les amateurs de d\u00e9couvertes. Partez \u00e0 la d\u00e9couverte de l&rsquo;Isle-sur-la-Sorgue et de son charme proven\u00e7al \u00e0 travers ce festival culturel haut en couleurs.<\/p>\t\t\t\t\t\t\t\t<\/div>\n\t\t\t\t<\/div>\n\t\t\t\t\t<\/div>\n\t\t<\/div>\n\t\t\t\t\t<\/div>\n\t\t<\/section>\n\t\t\t\t<section class=\"elementor-section elementor-top-section elementor-element elementor-element-69073d91 elementor-section-boxed elementor-section-height-default elementor-section-height-default\" data-id=\"69073d91\" data-element_type=\"section\" data-e-type=\"section\">\n\t\t\t\t\t\t<div class=\"elementor-container elementor-column-gap-default\">\n\t\t\t\t\t<div class=\"elementor-column elementor-col-100 elementor-top-column elementor-element elementor-element-3e0e107a\" data-id=\"3e0e107a\" data-element_type=\"column\" data-e-type=\"column\">\n\t\t\t<div class=\"elementor-widget-wrap elementor-element-populated\">\n\t\t\t\t\t\t<div class=\"elementor-element elementor-element-70c0f3e0 elementor-widget elementor-widget-text-editor\" data-id=\"70c0f3e0\" data-element_type=\"widget\" data-e-type=\"widget\" data-widget_type=\"text-editor.default\">\n\t\t\t\t<div class=\"elementor-widget-container\">\n\t\t\t\t\t\t\t\t\t<p>L&rsquo;\u00e9t\u00e9 \u00e0 Pernes-les-Fontaines est une saison dynamique avec ses festivals et \u00e9v\u00e9nements incontournables. En d\u00e9couvrant les festivit\u00e9s artistiques, musicales et traditionnelles, vous vous immergerez dans le charme estival de cette cit\u00e9 proven\u00e7ale, comblant toutes les attentes des visiteurs curieux.<\/p>\t\t\t\t\t\t\t\t<\/div>\n\t\t\t\t<\/div>\n\t\t\t\t\t<\/div>\n\t\t<\/div>\n\t\t\t\t\t<\/div>\n\t\t<\/section>\n\t\t\t\t<section class=\"elementor-section elementor-top-section elementor-element elementor-element-b074055 elementor-section-boxed elementor-section-height-default elementor-section-height-default\" data-id=\"b074055\" data-element_type=\"section\" data-e-type=\"section\">\n\t\t\t\t\t\t<div class=\"elementor-container elementor-column-gap-default\">\n\t\t\t\t\t<div class=\"elementor-column elementor-col-100 elementor-top-column elementor-element elementor-element-3b51161\" data-id=\"3b51161\" data-element_type=\"column\" data-e-type=\"column\">\n\t\t\t<div class=\"elementor-widget-wrap elementor-element-populated\">\n\t\t\t\t\t\t<div class=\"elementor-element elementor-element-13ed243 elementor-widget elementor-widget-text-editor\" data-id=\"13ed243\" data-element_type=\"widget\" data-e-type=\"widget\" data-widget_type=\"text-editor.default\">\n\t\t\t\t<div class=\"elementor-widget-container\">\n\t\t\t\t\t\t\t\t\t<p>D\u00e9couvrez le <a href=\"https:\/\/luberon.fr\/\">Luberon<\/a>, organisez des vacances et des week-ends inoubliables dans le Luberon sud de la France : Villages, sites touristiques, locations, restaurants et activit\u00e9s.<\/p>\t\t\t\t\t\t\t\t<\/div>\n\t\t\t\t<\/div>\n\t\t\t\t\t<\/div>\n\t\t<\/div>\n\t\t\t\t\t<\/div>\n\t\t<\/section>\n\t\t\t\t<section class=\"elementor-section elementor-top-section elementor-element elementor-element-6d7d6066 elementor-section-boxed elementor-section-height-default elementor-section-height-default\" data-id=\"6d7d6066\" data-element_type=\"section\" data-e-type=\"section\">\n\t\t\t\t\t\t<div class=\"elementor-container elementor-column-gap-default\">\n\t\t\t\t\t<div class=\"elementor-column elementor-col-100 elementor-top-column elementor-element elementor-element-2974e292\" data-id=\"2974e292\" data-element_type=\"column\" data-e-type=\"column\">\n\t\t\t<div class=\"elementor-widget-wrap elementor-element-populated\">\n\t\t\t\t\t\t<div class=\"elementor-element elementor-element-9b857ad elementor-align-center elementor-widget elementor-widget-button\" data-id=\"9b857ad\" data-element_type=\"widget\" data-e-type=\"widget\" data-widget_type=\"button.default\">\n\t\t\t\t<div class=\"elementor-widget-container\">\n\t\t\t\t\t\t\t\t\t<div class=\"elementor-button-wrapper\">\n\t\t\t\t\t<a class=\"elementor-button elementor-button-link elementor-size-sm\" href=\"https:\/\/chateau3fontaines.com\/en\/contact-us\/\">\n\t\t\t\t\t\t<span class=\"elementor-button-content-wrapper\">\n\t\t\t\t\t\t\t\t\t<span class=\"elementor-button-text\">Contact us<\/span>\n\t\t\t\t\t<\/span>\n\t\t\t\t\t<\/a>\n\t\t\t\t<\/div>\n\t\t\t\t\t\t\t\t<\/div>\n\t\t\t\t<\/div>\n\t\t\t\t\t<\/div>\n\t\t<\/div>\n\t\t\t\t\t<\/div>\n\t\t<\/section>\n\t\t\t\t<\/div>","protected":false},"excerpt":{"rendered":"<p>L&rsquo;\u00e9t\u00e9 \u00e0 Pernes-les-Fontaines est une saison anim\u00e9e par une multitude de festivals et d&rsquo;\u00e9v\u00e9nements culturels. Cette charmante commune proven\u00e7ale devient le lieu de rendez-vous des passionn\u00e9s d&rsquo;art, de musique, et de traditions. Dans cet article, nous vous invitons \u00e0 explorer les festivals et \u00e9v\u00e9nements \u00e0 ne pas manquer pendant votre s\u00e9jour estival dans le Vaucluse. &#8230; <a title=\"Pernes-les-Fontaines en \u00e9t\u00e9 : D\u00e9couvrez les Festivals et \u00c9v\u00e9nements Incontournables\" class=\"read-more\" href=\"https:\/\/chateau3fontaines.com\/en\/2023\/08\/01\/pernes-les-fontaines-en-ete-decouvrez-les-festivals-et-evenements-incontournables\/\" aria-label=\"Read more about Pernes-les-Fontaines en \u00e9t\u00e9 : D\u00e9couvrez les Festivals et \u00c9v\u00e9nements Incontournables\">Read more<\/a><\/p>","protected":false},"author":11,"featured_media":0,"comment_status":"closed","ping_status":"closed","sticky":false,"template":"","format":"standard","meta":{"_acf_changed":false,"footnotes":""},"categories":[1],"tags":[],"class_list":["post-2828","post","type-post","status-publish","format-standard","hentry","category-uncategorized"],"acf":[],"yoast_head":"<!-- This site is optimized with the Yoast SEO plugin v27.3 - https:\/\/yoast.com\/product\/yoast-seo-wordpress\/ -->\n<title>Pernes-les-Fontaines en \u00e9t\u00e9 : D\u00e9couvrez les Festivals et \u00c9v\u00e9nements Incontournables - Location salles de r\u00e9ception et parc<\/title>\n<meta name=\"description\" content=\"L\u2019\u00e9t\u00e9 \u00e0 Pernes-les-Fontaines est une saison anim\u00e9e par une multitude de festivals et d\u2019\u00e9v\u00e9nements culturels pr\u00e8s du Ch\u00e2teau des 3 Fontaines.\" \/>\n<meta name=\"robots\" content=\"index, follow, max-snippet:-1, max-image-preview:large, max-video-preview:-1\" \/>\n<link rel=\"canonical\" href=\"https:\/\/chateau3fontaines.com\/en\/2023\/08\/01\/pernes-les-fontaines-in-summer-discover-the-unmissable-festivals-and-events\/\" \/>\n<meta property=\"og:locale\" content=\"en_US\" \/>\n<meta property=\"og:type\" content=\"article\" \/>\n<meta property=\"og:title\" content=\"Pernes-les-Fontaines en \u00e9t\u00e9 : D\u00e9couvrez les Festivals et \u00c9v\u00e9nements Incontournables - Location salles de r\u00e9ception et parc\" \/>\n<meta property=\"og:description\" content=\"L\u2019\u00e9t\u00e9 \u00e0 Pernes-les-Fontaines est une saison anim\u00e9e par une multitude de festivals et d\u2019\u00e9v\u00e9nements culturels pr\u00e8s du Ch\u00e2teau des 3 Fontaines.\" \/>\n<meta property=\"og:url\" content=\"https:\/\/chateau3fontaines.com\/en\/2023\/08\/01\/pernes-les-fontaines-in-summer-discover-the-unmissable-festivals-and-events\/\" \/>\n<meta property=\"og:site_name\" content=\"Location salles de r\u00e9ception et parc\" \/>\n<meta property=\"article:publisher\" content=\"https:\/\/www.facebook.com\/profile.php?id=100070023877597\" \/>\n<meta property=\"article:published_time\" content=\"2023-08-01T12:56:24+00:00\" \/>\n<meta property=\"article:modified_time\" content=\"2023-11-25T17:51:55+00:00\" \/>\n<meta property=\"og:image\" content=\"https:\/\/chateau3fontaines.com\/wp-content\/uploads\/2023\/08\/20230425_1_1_4_1_0_obj27964521_1-1024x576.webp\" \/>\n<meta name=\"author\" content=\"TheoAdmin\" \/>\n<meta name=\"twitter:card\" content=\"summary_large_image\" \/>\n<meta name=\"twitter:label1\" content=\"Written by\" \/>\n\t<meta name=\"twitter:data1\" content=\"TheoAdmin\" \/>\n\t<meta name=\"twitter:label2\" content=\"Est. reading time\" \/>\n\t<meta name=\"twitter:data2\" content=\"3 minutes\" \/>\n<script type=\"application\/ld+json\" class=\"yoast-schema-graph\">{\"@context\":\"https:\\\/\\\/schema.org\",\"@graph\":[{\"@type\":\"Article\",\"@id\":\"https:\\\/\\\/chateau3fontaines.com\\\/2023\\\/08\\\/01\\\/pernes-les-fontaines-en-ete-decouvrez-les-festivals-et-evenements-incontournables\\\/#article\",\"isPartOf\":{\"@id\":\"https:\\\/\\\/chateau3fontaines.com\\\/2023\\\/08\\\/01\\\/pernes-les-fontaines-en-ete-decouvrez-les-festivals-et-evenements-incontournables\\\/\"},\"author\":{\"name\":\"TheoAdmin\",\"@id\":\"https:\\\/\\\/chateau3fontaines.com\\\/#\\\/schema\\\/person\\\/99882289b4a09f6345fc0b15a2c27e54\"},\"headline\":\"Pernes-les-Fontaines en \u00e9t\u00e9 : D\u00e9couvrez les Festivals et \u00c9v\u00e9nements Incontournables\",\"datePublished\":\"2023-08-01T12:56:24+00:00\",\"dateModified\":\"2023-11-25T17:51:55+00:00\",\"mainEntityOfPage\":{\"@id\":\"https:\\\/\\\/chateau3fontaines.com\\\/2023\\\/08\\\/01\\\/pernes-les-fontaines-en-ete-decouvrez-les-festivals-et-evenements-incontournables\\\/\"},\"wordCount\":690,\"publisher\":{\"@id\":\"https:\\\/\\\/chateau3fontaines.com\\\/#organization\"},\"image\":{\"@id\":\"https:\\\/\\\/chateau3fontaines.com\\\/2023\\\/08\\\/01\\\/pernes-les-fontaines-en-ete-decouvrez-les-festivals-et-evenements-incontournables\\\/#primaryimage\"},\"thumbnailUrl\":\"https:\\\/\\\/chateau3fontaines.com\\\/wp-content\\\/uploads\\\/2023\\\/08\\\/20230425_1_1_4_1_0_obj27964521_1-1024x576.webp\",\"inLanguage\":\"en-US\"},{\"@type\":\"WebPage\",\"@id\":\"https:\\\/\\\/chateau3fontaines.com\\\/2023\\\/08\\\/01\\\/pernes-les-fontaines-en-ete-decouvrez-les-festivals-et-evenements-incontournables\\\/\",\"url\":\"https:\\\/\\\/chateau3fontaines.com\\\/2023\\\/08\\\/01\\\/pernes-les-fontaines-en-ete-decouvrez-les-festivals-et-evenements-incontournables\\\/\",\"name\":\"Pernes-les-Fontaines en \u00e9t\u00e9 : D\u00e9couvrez les Festivals et \u00c9v\u00e9nements Incontournables - Location salles de r\u00e9ception et parc\",\"isPartOf\":{\"@id\":\"https:\\\/\\\/chateau3fontaines.com\\\/#website\"},\"primaryImageOfPage\":{\"@id\":\"https:\\\/\\\/chateau3fontaines.com\\\/2023\\\/08\\\/01\\\/pernes-les-fontaines-en-ete-decouvrez-les-festivals-et-evenements-incontournables\\\/#primaryimage\"},\"image\":{\"@id\":\"https:\\\/\\\/chateau3fontaines.com\\\/2023\\\/08\\\/01\\\/pernes-les-fontaines-en-ete-decouvrez-les-festivals-et-evenements-incontournables\\\/#primaryimage\"},\"thumbnailUrl\":\"https:\\\/\\\/chateau3fontaines.com\\\/wp-content\\\/uploads\\\/2023\\\/08\\\/20230425_1_1_4_1_0_obj27964521_1-1024x576.webp\",\"datePublished\":\"2023-08-01T12:56:24+00:00\",\"dateModified\":\"2023-11-25T17:51:55+00:00\",\"description\":\"L\u2019\u00e9t\u00e9 \u00e0 Pernes-les-Fontaines est une saison anim\u00e9e par une multitude de festivals et d\u2019\u00e9v\u00e9nements culturels pr\u00e8s du Ch\u00e2teau des 3 Fontaines.\",\"breadcrumb\":{\"@id\":\"https:\\\/\\\/chateau3fontaines.com\\\/2023\\\/08\\\/01\\\/pernes-les-fontaines-en-ete-decouvrez-les-festivals-et-evenements-incontournables\\\/#breadcrumb\"},\"inLanguage\":\"en-US\",\"potentialAction\":[{\"@type\":\"ReadAction\",\"target\":[\"https:\\\/\\\/chateau3fontaines.com\\\/2023\\\/08\\\/01\\\/pernes-les-fontaines-en-ete-decouvrez-les-festivals-et-evenements-incontournables\\\/\"]}]},{\"@type\":\"ImageObject\",\"inLanguage\":\"en-US\",\"@id\":\"https:\\\/\\\/chateau3fontaines.com\\\/2023\\\/08\\\/01\\\/pernes-les-fontaines-en-ete-decouvrez-les-festivals-et-evenements-incontournables\\\/#primaryimage\",\"url\":\"https:\\\/\\\/chateau3fontaines.com\\\/wp-content\\\/uploads\\\/2023\\\/08\\\/20230425_1_1_4_1_0_obj27964521_1-1024x576.webp\",\"contentUrl\":\"https:\\\/\\\/chateau3fontaines.com\\\/wp-content\\\/uploads\\\/2023\\\/08\\\/20230425_1_1_4_1_0_obj27964521_1-1024x576.webp\"},{\"@type\":\"BreadcrumbList\",\"@id\":\"https:\\\/\\\/chateau3fontaines.com\\\/2023\\\/08\\\/01\\\/pernes-les-fontaines-en-ete-decouvrez-les-festivals-et-evenements-incontournables\\\/#breadcrumb\",\"itemListElement\":[{\"@type\":\"ListItem\",\"position\":1,\"name\":\"Home\",\"item\":\"https:\\\/\\\/chateau3fontaines.com\\\/\"},{\"@type\":\"ListItem\",\"position\":2,\"name\":\"Pernes-les-Fontaines en \u00e9t\u00e9 : D\u00e9couvrez les Festivals et \u00c9v\u00e9nements Incontournables\"}]},{\"@type\":\"WebSite\",\"@id\":\"https:\\\/\\\/chateau3fontaines.com\\\/#website\",\"url\":\"https:\\\/\\\/chateau3fontaines.com\\\/\",\"name\":\"Location salles de r\u00e9ception et parc\",\"description\":\"Pernes les Fontaines\",\"publisher\":{\"@id\":\"https:\\\/\\\/chateau3fontaines.com\\\/#organization\"},\"potentialAction\":[{\"@type\":\"SearchAction\",\"target\":{\"@type\":\"EntryPoint\",\"urlTemplate\":\"https:\\\/\\\/chateau3fontaines.com\\\/?s={search_term_string}\"},\"query-input\":{\"@type\":\"PropertyValueSpecification\",\"valueRequired\":true,\"valueName\":\"search_term_string\"}}],\"inLanguage\":\"en-US\"},{\"@type\":\"Organization\",\"@id\":\"https:\\\/\\\/chateau3fontaines.com\\\/#organization\",\"name\":\"Ch\u00e2teau des 3 Fontaines\",\"url\":\"https:\\\/\\\/chateau3fontaines.com\\\/\",\"logo\":{\"@type\":\"ImageObject\",\"inLanguage\":\"en-US\",\"@id\":\"https:\\\/\\\/chateau3fontaines.com\\\/#\\\/schema\\\/logo\\\/image\\\/\",\"url\":\"https:\\\/\\\/chateau3fontaines.com\\\/wp-content\\\/uploads\\\/2021\\\/08\\\/admin-ajax.php_.png\",\"contentUrl\":\"https:\\\/\\\/chateau3fontaines.com\\\/wp-content\\\/uploads\\\/2021\\\/08\\\/admin-ajax.php_.png\",\"width\":160,\"height\":101,\"caption\":\"Ch\u00e2teau des 3 Fontaines\"},\"image\":{\"@id\":\"https:\\\/\\\/chateau3fontaines.com\\\/#\\\/schema\\\/logo\\\/image\\\/\"},\"sameAs\":[\"https:\\\/\\\/www.facebook.com\\\/profile.php?id=100070023877597\",\"https:\\\/\\\/www.instagram.com\\\/lechateaudestroisfontaines\\\/\"]},{\"@type\":\"Person\",\"@id\":\"https:\\\/\\\/chateau3fontaines.com\\\/#\\\/schema\\\/person\\\/99882289b4a09f6345fc0b15a2c27e54\",\"name\":\"TheoAdmin\",\"image\":{\"@type\":\"ImageObject\",\"inLanguage\":\"en-US\",\"@id\":\"https:\\\/\\\/secure.gravatar.com\\\/avatar\\\/f80570246088843562bad888ee4699b9be9ec478102f287deb3f68bc64c3ca4d?s=96&d=mm&r=g\",\"url\":\"https:\\\/\\\/secure.gravatar.com\\\/avatar\\\/f80570246088843562bad888ee4699b9be9ec478102f287deb3f68bc64c3ca4d?s=96&d=mm&r=g\",\"contentUrl\":\"https:\\\/\\\/secure.gravatar.com\\\/avatar\\\/f80570246088843562bad888ee4699b9be9ec478102f287deb3f68bc64c3ca4d?s=96&d=mm&r=g\",\"caption\":\"TheoAdmin\"},\"url\":\"https:\\\/\\\/chateau3fontaines.com\\\/en\"}]}<\/script>\n<!-- \/ Yoast SEO plugin. -->","yoast_head_json":{"title":"Pernes-les-Fontaines en \u00e9t\u00e9 : D\u00e9couvrez les Festivals et \u00c9v\u00e9nements Incontournables - Location salles de r\u00e9ception et parc","description":"L\u2019\u00e9t\u00e9 \u00e0 Pernes-les-Fontaines est une saison anim\u00e9e par une multitude de festivals et d\u2019\u00e9v\u00e9nements culturels pr\u00e8s du Ch\u00e2teau des 3 Fontaines.","robots":{"index":"index","follow":"follow","max-snippet":"max-snippet:-1","max-image-preview":"max-image-preview:large","max-video-preview":"max-video-preview:-1"},"canonical":"https:\/\/chateau3fontaines.com\/en\/2023\/08\/01\/pernes-les-fontaines-in-summer-discover-the-unmissable-festivals-and-events\/","og_locale":"en_US","og_type":"article","og_title":"Pernes-les-Fontaines en \u00e9t\u00e9 : D\u00e9couvrez les Festivals et \u00c9v\u00e9nements Incontournables - Location salles de r\u00e9ception et parc","og_description":"L\u2019\u00e9t\u00e9 \u00e0 Pernes-les-Fontaines est une saison anim\u00e9e par une multitude de festivals et d\u2019\u00e9v\u00e9nements culturels pr\u00e8s du Ch\u00e2teau des 3 Fontaines.","og_url":"https:\/\/chateau3fontaines.com\/en\/2023\/08\/01\/pernes-les-fontaines-in-summer-discover-the-unmissable-festivals-and-events\/","og_site_name":"Location salles de r\u00e9ception et parc","article_publisher":"https:\/\/www.facebook.com\/profile.php?id=100070023877597","article_published_time":"2023-08-01T12:56:24+00:00","article_modified_time":"2023-11-25T17:51:55+00:00","og_image":[{"url":"https:\/\/chateau3fontaines.com\/wp-content\/uploads\/2023\/08\/20230425_1_1_4_1_0_obj27964521_1-1024x576.webp","type":"","width":"","height":""}],"author":"TheoAdmin","twitter_card":"summary_large_image","twitter_misc":{"Written by":"TheoAdmin","Est. reading time":"3 minutes"},"schema":{"@context":"https:\/\/schema.org","@graph":[{"@type":"Article","@id":"https:\/\/chateau3fontaines.com\/2023\/08\/01\/pernes-les-fontaines-en-ete-decouvrez-les-festivals-et-evenements-incontournables\/#article","isPartOf":{"@id":"https:\/\/chateau3fontaines.com\/2023\/08\/01\/pernes-les-fontaines-en-ete-decouvrez-les-festivals-et-evenements-incontournables\/"},"author":{"name":"TheoAdmin","@id":"https:\/\/chateau3fontaines.com\/#\/schema\/person\/99882289b4a09f6345fc0b15a2c27e54"},"headline":"Pernes-les-Fontaines en \u00e9t\u00e9 : D\u00e9couvrez les Festivals et \u00c9v\u00e9nements Incontournables","datePublished":"2023-08-01T12:56:24+00:00","dateModified":"2023-11-25T17:51:55+00:00","mainEntityOfPage":{"@id":"https:\/\/chateau3fontaines.com\/2023\/08\/01\/pernes-les-fontaines-en-ete-decouvrez-les-festivals-et-evenements-incontournables\/"},"wordCount":690,"publisher":{"@id":"https:\/\/chateau3fontaines.com\/#organization"},"image":{"@id":"https:\/\/chateau3fontaines.com\/2023\/08\/01\/pernes-les-fontaines-en-ete-decouvrez-les-festivals-et-evenements-incontournables\/#primaryimage"},"thumbnailUrl":"https:\/\/chateau3fontaines.com\/wp-content\/uploads\/2023\/08\/20230425_1_1_4_1_0_obj27964521_1-1024x576.webp","inLanguage":"en-US"},{"@type":"WebPage","@id":"https:\/\/chateau3fontaines.com\/2023\/08\/01\/pernes-les-fontaines-en-ete-decouvrez-les-festivals-et-evenements-incontournables\/","url":"https:\/\/chateau3fontaines.com\/2023\/08\/01\/pernes-les-fontaines-en-ete-decouvrez-les-festivals-et-evenements-incontournables\/","name":"Pernes-les-Fontaines en \u00e9t\u00e9 : D\u00e9couvrez les Festivals et \u00c9v\u00e9nements Incontournables - Location salles de r\u00e9ception et parc","isPartOf":{"@id":"https:\/\/chateau3fontaines.com\/#website"},"primaryImageOfPage":{"@id":"https:\/\/chateau3fontaines.com\/2023\/08\/01\/pernes-les-fontaines-en-ete-decouvrez-les-festivals-et-evenements-incontournables\/#primaryimage"},"image":{"@id":"https:\/\/chateau3fontaines.com\/2023\/08\/01\/pernes-les-fontaines-en-ete-decouvrez-les-festivals-et-evenements-incontournables\/#primaryimage"},"thumbnailUrl":"https:\/\/chateau3fontaines.com\/wp-content\/uploads\/2023\/08\/20230425_1_1_4_1_0_obj27964521_1-1024x576.webp","datePublished":"2023-08-01T12:56:24+00:00","dateModified":"2023-11-25T17:51:55+00:00","description":"L\u2019\u00e9t\u00e9 \u00e0 Pernes-les-Fontaines est une saison anim\u00e9e par une multitude de festivals et d\u2019\u00e9v\u00e9nements culturels pr\u00e8s du Ch\u00e2teau des 3 Fontaines.","breadcrumb":{"@id":"https:\/\/chateau3fontaines.com\/2023\/08\/01\/pernes-les-fontaines-en-ete-decouvrez-les-festivals-et-evenements-incontournables\/#breadcrumb"},"inLanguage":"en-US","potentialAction":[{"@type":"ReadAction","target":["https:\/\/chateau3fontaines.com\/2023\/08\/01\/pernes-les-fontaines-en-ete-decouvrez-les-festivals-et-evenements-incontournables\/"]}]},{"@type":"ImageObject","inLanguage":"en-US","@id":"https:\/\/chateau3fontaines.com\/2023\/08\/01\/pernes-les-fontaines-en-ete-decouvrez-les-festivals-et-evenements-incontournables\/#primaryimage","url":"https:\/\/chateau3fontaines.com\/wp-content\/uploads\/2023\/08\/20230425_1_1_4_1_0_obj27964521_1-1024x576.webp","contentUrl":"https:\/\/chateau3fontaines.com\/wp-content\/uploads\/2023\/08\/20230425_1_1_4_1_0_obj27964521_1-1024x576.webp"},{"@type":"BreadcrumbList","@id":"https:\/\/chateau3fontaines.com\/2023\/08\/01\/pernes-les-fontaines-en-ete-decouvrez-les-festivals-et-evenements-incontournables\/#breadcrumb","itemListElement":[{"@type":"ListItem","position":1,"name":"Home","item":"https:\/\/chateau3fontaines.com\/"},{"@type":"ListItem","position":2,"name":"Pernes-les-Fontaines en \u00e9t\u00e9 : D\u00e9couvrez les Festivals et \u00c9v\u00e9nements Incontournables"}]},{"@type":"WebSite","@id":"https:\/\/chateau3fontaines.com\/#website","url":"https:\/\/chateau3fontaines.com\/","name":"Hire of function rooms and park","description":"Pernes les Fontaines","publisher":{"@id":"https:\/\/chateau3fontaines.com\/#organization"},"potentialAction":[{"@type":"SearchAction","target":{"@type":"EntryPoint","urlTemplate":"https:\/\/chateau3fontaines.com\/?s={search_term_string}"},"query-input":{"@type":"PropertyValueSpecification","valueRequired":true,"valueName":"search_term_string"}}],"inLanguage":"en-US"},{"@type":"Organization","@id":"https:\/\/chateau3fontaines.com\/#organization","name":"Ch\u00e2teau des 3 Fontaines\u00a0","url":"https:\/\/chateau3fontaines.com\/","logo":{"@type":"ImageObject","inLanguage":"en-US","@id":"https:\/\/chateau3fontaines.com\/#\/schema\/logo\/image\/","url":"https:\/\/chateau3fontaines.com\/wp-content\/uploads\/2021\/08\/admin-ajax.php_.png","contentUrl":"https:\/\/chateau3fontaines.com\/wp-content\/uploads\/2021\/08\/admin-ajax.php_.png","width":160,"height":101,"caption":"Ch\u00e2teau des 3 Fontaines"},"image":{"@id":"https:\/\/chateau3fontaines.com\/#\/schema\/logo\/image\/"},"sameAs":["https:\/\/www.facebook.com\/profile.php?id=100070023877597","https:\/\/www.instagram.com\/lechateaudestroisfontaines\/"]},{"@type":"Person","@id":"https:\/\/chateau3fontaines.com\/#\/schema\/person\/99882289b4a09f6345fc0b15a2c27e54","name":"TheoAdmin","image":{"@type":"ImageObject","inLanguage":"en-US","@id":"https:\/\/secure.gravatar.com\/avatar\/f80570246088843562bad888ee4699b9be9ec478102f287deb3f68bc64c3ca4d?s=96&d=mm&r=g","url":"https:\/\/secure.gravatar.com\/avatar\/f80570246088843562bad888ee4699b9be9ec478102f287deb3f68bc64c3ca4d?s=96&d=mm&r=g","contentUrl":"https:\/\/secure.gravatar.com\/avatar\/f80570246088843562bad888ee4699b9be9ec478102f287deb3f68bc64c3ca4d?s=96&d=mm&r=g","caption":"TheoAdmin"},"url":"https:\/\/chateau3fontaines.com\/en"}]}},"_links":{"self":[{"href":"https:\/\/chateau3fontaines.com\/en\/wp-json\/wp\/v2\/posts\/2828","targetHints":{"allow":["GET"]}}],"collection":[{"href":"https:\/\/chateau3fontaines.com\/en\/wp-json\/wp\/v2\/posts"}],"about":[{"href":"https:\/\/chateau3fontaines.com\/en\/wp-json\/wp\/v2\/types\/post"}],"author":[{"embeddable":true,"href":"https:\/\/chateau3fontaines.com\/en\/wp-json\/wp\/v2\/users\/11"}],"replies":[{"embeddable":true,"href":"https:\/\/chateau3fontaines.com\/en\/wp-json\/wp\/v2\/comments?post=2828"}],"version-history":[{"count":0,"href":"https:\/\/chateau3fontaines.com\/en\/wp-json\/wp\/v2\/posts\/2828\/revisions"}],"wp:attachment":[{"href":"https:\/\/chateau3fontaines.com\/en\/wp-json\/wp\/v2\/media?parent=2828"}],"wp:term":[{"taxonomy":"category","embeddable":true,"href":"https:\/\/chateau3fontaines.com\/en\/wp-json\/wp\/v2\/categories?post=2828"},{"taxonomy":"post_tag","embeddable":true,"href":"https:\/\/chateau3fontaines.com\/en\/wp-json\/wp\/v2\/tags?post=2828"}],"curies":[{"name":"wp","href":"https:\/\/api.w.org\/{rel}","templated":true}]}}